{"id":777,"date":"2021-03-12T16:40:32","date_gmt":"2021-03-12T15:40:32","guid":{"rendered":"http:\/\/reiki.one\/?p=777"},"modified":"2021-03-12T16:47:25","modified_gmt":"2021-03-12T15:47:25","slug":"le-reiki-et-le-culte-de-la-peur","status":"publish","type":"post","link":"http:\/\/reiki.one\/?p=777","title":{"rendered":"Le Reiki et le culte de la peur"},"content":{"rendered":"<p><img loading=\"lazy\" decoding=\"async\" class=\"size-medium wp-image-778 alignright\" src=\"http:\/\/reiki.one\/wp-content\/uploads\/2021\/03\/milada-vigerova-iQWvVYMtv1k-unsplash-300x204.jpg\" alt=\"\" width=\"300\" height=\"204\" srcset=\"http:\/\/reiki.one\/wp-content\/uploads\/2021\/03\/milada-vigerova-iQWvVYMtv1k-unsplash-300x204.jpg 300w, http:\/\/reiki.one\/wp-content\/uploads\/2021\/03\/milada-vigerova-iQWvVYMtv1k-unsplash-1024x697.jpg 1024w, http:\/\/reiki.one\/wp-content\/uploads\/2021\/03\/milada-vigerova-iQWvVYMtv1k-unsplash-768x523.jpg 768w, http:\/\/reiki.one\/wp-content\/uploads\/2021\/03\/milada-vigerova-iQWvVYMtv1k-unsplash-1536x1045.jpg 1536w, http:\/\/reiki.one\/wp-content\/uploads\/2021\/03\/milada-vigerova-iQWvVYMtv1k-unsplash-2048x1394.jpg 2048w\" sizes=\"(max-width: 300px) 100vw, 300px\" \/><\/p>\n<p><span style=\"color: #0000ff;\"><em>Petite conversation entre Andr\u00e9 Baechler et une autre praticienne qui fait \u00e9cho \u00e0 des choses entendues lors de mes formations \ud83d\ude09<\/em><\/span><\/p>\n<p>Andr\u00e9 Baechler :<br \/>\n\u201cJ&rsquo;ai termin\u00e9 hier un stage Reiki de deuxi\u00e8me degr\u00e9, avec une majorit\u00e9 de personnes ayant effectu\u00e9 leur premier degr\u00e9 aupr\u00e8s d&rsquo;autres enseignants. Lors de ces stages ou partages, je suis toujours surpris de voir comme la peur est parfois inculqu\u00e9e \u00e0 la base de certains enseignements Reiki : contraintes, obligations, rigidit\u00e9s dans la mani\u00e8re de pratiquer, &#8230; Ainsi la personne a peur de ne pas pratiquer juste, de ne pas pratiquer suffisamment r\u00e9guli\u00e8rement, ou encore la peur de perdre le Reiki si elle ne l&rsquo;utilise pas quotidiennement.<br \/>\nAlors je passe souvent beaucoup de temps \u00e0 d\u00e9dramatiser le Reiki, \u00e0 tenter de lui donner plus de simplicit\u00e9, plus de l\u00e9g\u00e8ret\u00e9. Le Reiki n&rsquo;est pas une religion, il est sans obligation, il est juste \u00e0 int\u00e9grer dans notre quotidien, selon la place que nous souhaitons lui accorder.<br \/>\nLe Reiki est une initiation au bonheur et non un engagement \u00e0 la contrainte \ud83d\ude09<\/p>\n<p>Marlyse :<br \/>\n\u201cBonjour Andr\u00e9,<br \/>\nJe suis aussi surprise que de telles craintes soient inculqu\u00e9es.<br \/>\nJe crois, que pour beaucoup de monde, il est difficile de croire \u00e0 l&rsquo;efficacit\u00e9 des choses quand elles sont simples.<br \/>\nC&rsquo;est peut-\u00eatre tr\u00e8s occidental de chercher midi \u00e0 quatorze heure \ud83d\ude09<br \/>\nDe se m\u00e9fier quand ce n&rsquo;est pas compliqu\u00e9. \u201c<\/p>\n<p>Andr\u00e9 Baechler :<br \/>\n\u201cOui, sans doute cette complication est-elle bien occidentale \ud83d\ude42<br \/>\nElle fait partie d&rsquo;une culture o\u00f9 tout ce qui est performant doit forc\u00e9ment \u00eatre compliqu\u00e9.<br \/>\nVoil\u00e0 une croyance bien implant\u00e9e, \u00e0 laquelle je n&rsquo;adh\u00e8re bien \u00e9videmment pas du tout \ud83d\ude09<br \/>\nLes cas \u00e9voqu\u00e9s plus haut repr\u00e9sentent bien entendu une minorit\u00e9 et quand je dis que la peur est inculqu\u00e9e, je devrais plut\u00f4t dire qu&rsquo;elle est nourrie par de nombreuses croyances ou rigidit\u00e9s qui font que la personne se force avec gravit\u00e9 \u00e0 une pratique stricte qui n&rsquo;am\u00e8ne souvent gu\u00e8re de plaisir.<br \/>\nCes situations finissent presque syst\u00e9matiquement par un abandon du Reiki, par peur de faire faux ou de ne pas \u00eatre \u00e0 la hauteur d&rsquo;une pratique inaccessible.<br \/>\nEt c&rsquo;est dans ce sens que j&rsquo;essaie au quotidien de d\u00e9dramatiser le Reiki. \u201c<\/p>\n<p>Photo by <a href=\"https:\/\/unsplash.com\/@milada_vigerova?utm_source=unsplash&amp;utm_medium=referral&amp;utm_content=creditCopyText\" target=\"_blank\" rel=\"noopener\">Milada Vigerova<\/a> on <a href=\"https:\/\/unsplash.com\/\" target=\"_blank\" rel=\"noopener\">Unsplash<\/a><\/p>\n","protected":false},"excerpt":{"rendered":"<p>Petite conversation entre Andr\u00e9 Baechler et une autre praticienne qui fait \u00e9cho \u00e0 des choses entendues lors de mes formations \ud83d\ude09 Andr\u00e9 Baechler : \u201cJ&rsquo;ai termin\u00e9 hier un stage Reiki de deuxi\u00e8me degr\u00e9, avec une majorit\u00e9 de personnes ayant effectu\u00e9 leur premier degr\u00e9 aupr\u00e8s d&rsquo;autres enseignants. Lors de ces stages ou partages, je suis toujours [&hellip;]<\/p>\n","protected":false},"author":1,"featured_media":0,"comment_status":"closed","ping_status":"closed","sticky":false,"template":"","format":"standard","meta":{"footnotes":""},"categories":[1],"tags":[],"_links":{"self":[{"href":"http:\/\/reiki.one\/index.php?rest_route=\/wp\/v2\/posts\/777"}],"collection":[{"href":"http:\/\/reiki.one\/index.php?rest_route=\/wp\/v2\/posts"}],"about":[{"href":"http:\/\/reiki.one\/index.php?rest_route=\/wp\/v2\/types\/post"}],"author":[{"embeddable":true,"href":"http:\/\/reiki.one\/index.php?rest_route=\/wp\/v2\/users\/1"}],"replies":[{"embeddable":true,"href":"http:\/\/reiki.one\/index.php?rest_route=%2Fwp%2Fv2%2Fcomments&post=777"}],"version-history":[{"count":6,"href":"http:\/\/reiki.one\/index.php?rest_route=\/wp\/v2\/posts\/777\/revisions"}],"predecessor-version":[{"id":786,"href":"http:\/\/reiki.one\/index.php?rest_route=\/wp\/v2\/posts\/777\/revisions\/786"}],"wp:attachment":[{"href":"http:\/\/reiki.one\/index.php?rest_route=%2Fwp%2Fv2%2Fmedia&parent=777"}],"wp:term":[{"taxonomy":"category","embeddable":true,"href":"http:\/\/reiki.one\/index.php?rest_route=%2Fwp%2Fv2%2Fcategories&post=777"},{"taxonomy":"post_tag","embeddable":true,"href":"http:\/\/reiki.one\/index.php?rest_route=%2Fwp%2Fv2%2Ftags&post=777"}],"curies":[{"name":"wp","href":"https:\/\/api.w.org\/{rel}","templated":true}]}}